{"id":248,"count":1,"description":"","link":"https:\/\/delingvo.de\/tr\/schlagwort\/deutsch-fuer-alltag\/","name":"G\u00fcnl\u00fck ya\u015fam i\u00e7in Almanca","slug":"guenluek-yasam-i%cc%87ci%cc%87n-almanca","taxonomy":"course_tag","meta":[],"_links":{"self":[{"href":"https:\/\/delingvo.de\/tr\/wp-json\/wp\/v2\/course_tag\/248","targetHints":{"allow":["GET"]}}],"collection":[{"href":"https:\/\/delingvo.de\/tr\/wp-json\/wp\/v2\/course_tag"}],"about":[{"href":"https:\/\/delingvo.de\/tr\/wp-json\/wp\/v2\/taxonomies\/course_tag"}],"wp:post_type":[{"href":"https:\/\/delingvo.de\/tr\/wp-json\/wp\/v2\/lp_course?course_tag=248"}],"curies":[{"name":"wp","href":"https:\/\/api.w.org\/{rel}","templated":true}]}}