{"id":662,"count":1,"description":"","link":"https:\/\/delingvo.de\/tr\/schlagwort\/deutsch-lernen-fuer-den-beruf\/","name":"\u0130\u015finiz i\u00e7in Almanca \u00f6\u011frenin","slug":"is-icin-almanca-oegrenmek","taxonomy":"course_tag","meta":[],"_links":{"self":[{"href":"https:\/\/delingvo.de\/tr\/wp-json\/wp\/v2\/course_tag\/662","targetHints":{"allow":["GET"]}}],"collection":[{"href":"https:\/\/delingvo.de\/tr\/wp-json\/wp\/v2\/course_tag"}],"about":[{"href":"https:\/\/delingvo.de\/tr\/wp-json\/wp\/v2\/taxonomies\/course_tag"}],"wp:post_type":[{"href":"https:\/\/delingvo.de\/tr\/wp-json\/wp\/v2\/lp_course?course_tag=662"}],"curies":[{"name":"wp","href":"https:\/\/api.w.org\/{rel}","templated":true}]}}